{"id":558,"date":"2019-03-06T10:01:25","date_gmt":"2019-03-06T08:01:25","guid":{"rendered":"http:\/\/heikkoset.16mb.com\/?p=558"},"modified":"2020-11-16T18:16:38","modified_gmt":"2020-11-16T16:16:38","slug":"jasenkirje-2-2019","status":"publish","type":"post","link":"https:\/\/heikkoset.16mb.com\/index.php\/2019\/03\/06\/jasenkirje-2-2019\/","title":{"rendered":"J\u00e4senkirje 2\/2019"},"content":{"rendered":"<p class=\"western\"><span style=\"font-size: large;\"><em>Joulukuun 2019 J\u00e4senkirje<\/em><\/span><\/p>\n<p><em>Hei hyv\u00e4t sukulaiset \u2013 vuoden loppua kohti ollan menossa ja nyth\u00e4n taitaa olla se \u201dvuoden kiireisin\u201d viikko monella!<\/em><\/p>\n<p><em>T\u00e4m\u00e4n vuoden sukukokouksessamme Savonlinnassa tavattiin viimeksi, olipa mukava tarinoida isommalla joukolla \u2013 Kiitos! (kuva risteilylt\u00e4)<\/em><\/p>\n<p><em>Ensi kes\u00e4 tuokin tullessaan kes\u00e4-elokuulle rypp\u00e4\u00e4n menoja; Ensiksi kes\u00e4kuun alussa (seuraa Vuoksenranta seuran ilmoittelua) Vuoksenrannan matka halukkaille. Sitten Karjalaiset kes\u00e4juhlat Helsingiss\u00e4 12-14.6.2020 \u2013 l\u00e4hdet\u00e4\u00e4n Karjalaisille kes\u00e4juhlille sukupolvien ketjussa! Karjalan Liitto t\u00e4ytt\u00e4\u00e4 ensi vuonna 80-vuotta, perustamiskokouksen p\u00f6yt\u00e4kirjasta lainaus; \u201dTiet\u00e4k\u00f6\u00f6n jokainen kansalainen ja karjalainen siell\u00e4 kaukaisissa syrj\u00e4kyliss\u00e4kin, ett\u00e4 t\u00e4\u00e4ll\u00e4 nyt on elin, joka koettaa tehd\u00e4 parhaansa heid\u00e4n ja meid\u00e4n kaikkien parhaaksi.\u201d<\/em><\/p>\n<p><em>Varmasti railakkaat ja mieliinpainuvat juhlat!<\/em><\/p>\n<p><em>Sukuseuran Tartton matka 29.6-3.7.2020, ks. Jussin matkakirje s-posti 26.11.2019, johon ilmoittautumiset viimeist\u00e4\u00e4n 20.2.2020 menness\u00e4 Jussille!<\/em><\/p>\n<p><em>Sukukokous, retkineen 13-15.8.2020, vuosikokous la 15.8 2020 ja retkiaikataulut kokouskutsukirjeess\u00e4 kev\u00e4\u00e4n 2020 aikana, varaatkaa aikaa \u2013 Tervetuloa!<\/em><\/p>\n<p><em>Muutamia My Heritage DNA testej\u00e4 l\u00e4hetetty, vastauksia tulossa ja lis\u00e4\u00e4 tietoa sukututkimukseemme, sukukukokouksessamme 2020.<\/em><\/p>\n<p><em>Muistakaa k\u00e4yd\u00e4 kotisivuillamme, sielt\u00e4 l\u00f6yd\u00e4t mielenkiintoista sukumme asioista!<\/em><\/p>\n<p><em>&nbsp;<\/em><\/p>\n<p><em>Kiitos sukuseuramme j\u00e4senille kuluneesta vuodesta, toivon rauhallista joulunaikaa kaikille sek\u00e4 aktiivista tulevaa vuotta 2020!<\/em><\/p>\n<p><em>&nbsp;<\/em><\/p>\n<p><em>Pentti Heikkonen<\/em><\/p>\n<p><em>Heikkosten sukuseuran pj<\/em><\/p>\n<p><em>&nbsp;ps. <\/em><em>Karjalaisevakko talon moitteista huolimatta &#8211; \u201dEn miek\u00e4\u00e4 t\u00e4yvellinen oo \u2013 viat puutuu\u201d <\/em><\/p>\n","protected":false},"excerpt":{"rendered":"<p>Joulukuun 2019 J\u00e4senkirje Hei hyv\u00e4t sukulaiset \u2013 vuoden loppua kohti ollan menossa ja nyth\u00e4n taitaa olla se \u201dvuoden kiireisin\u201d viikko monella! T\u00e4m\u00e4n vuoden sukukokouksessamme Savonlinnassa tavattiin viimeksi, olipa mukava tarinoida isommalla joukolla \u2013 Kiitos! (kuva risteilylt\u00e4) Ensi kes\u00e4 tuokin tullessaan &hellip; <a href=\"https:\/\/heikkoset.16mb.com\/index.php\/2019\/03\/06\/jasenkirje-2-2019\/\">Continue reading <span class=\"meta-nav\">&rarr;<\/span><\/a><\/p>\n","protected":false},"author":1,"featured_media":0,"comment_status":"closed","ping_status":"closed","sticky":false,"template":"","format":"standard","meta":{"ngg_post_thumbnail":0,"footnotes":""},"categories":[1],"tags":[],"class_list":["post-558","post","type-post","status-publish","format-standard","hentry","category-uncategorised"],"_links":{"self":[{"href":"https:\/\/heikkoset.16mb.com\/index.php\/wp-json\/wp\/v2\/posts\/558","targetHints":{"allow":["GET"]}}],"collection":[{"href":"https:\/\/heikkoset.16mb.com\/index.php\/wp-json\/wp\/v2\/posts"}],"about":[{"href":"https:\/\/heikkoset.16mb.com\/index.php\/wp-json\/wp\/v2\/types\/post"}],"author":[{"embeddable":true,"href":"https:\/\/heikkoset.16mb.com\/index.php\/wp-json\/wp\/v2\/users\/1"}],"replies":[{"embeddable":true,"href":"https:\/\/heikkoset.16mb.com\/index.php\/wp-json\/wp\/v2\/comments?post=558"}],"version-history":[{"count":3,"href":"https:\/\/heikkoset.16mb.com\/index.php\/wp-json\/wp\/v2\/posts\/558\/revisions"}],"predecessor-version":[{"id":659,"href":"https:\/\/heikkoset.16mb.com\/index.php\/wp-json\/wp\/v2\/posts\/558\/revisions\/659"}],"wp:attachment":[{"href":"https:\/\/heikkoset.16mb.com\/index.php\/wp-json\/wp\/v2\/media?parent=558"}],"wp:term":[{"taxonomy":"category","embeddable":true,"href":"https:\/\/heikkoset.16mb.com\/index.php\/wp-json\/wp\/v2\/categories?post=558"},{"taxonomy":"post_tag","embeddable":true,"href":"https:\/\/heikkoset.16mb.com\/index.php\/wp-json\/wp\/v2\/tags?post=558"}],"curies":[{"name":"wp","href":"https:\/\/api.w.org\/{rel}","templated":true}]}}